{"id":5461,"date":"2026-01-23T16:15:21","date_gmt":"2026-01-23T16:15:21","guid":{"rendered":"https:\/\/www.baladre.com\/?p=5461"},"modified":"2026-01-23T16:51:23","modified_gmt":"2026-01-23T16:51:23","slug":"5461","status":"publish","type":"post","link":"https:\/\/www.baladre.com\/index.php\/2026\/01\/23\/5461\/","title":{"rendered":"El Grup de Danses Baladre de Muro col\u00b7labora amb els esportistes del \u201cTrail Ultra Mediterr\u00e0nia\u201d, 24\/01\/2026."},"content":{"rendered":"<p style=\"text-align: justify;\">Este mes de gener es correra el \u201c<strong>Trail Ultra Mediterr\u00e0nia 2026<\/strong>\u201d. Este Trail recorrer\u00e0 en dies i modalitats diferents les muntanyes de l\u2019interior de la prov\u00edncia d\u2019Alacant i el sud de Val\u00e8ncia. \u00c9s per aix\u00f2 que <strong>dissabte 24 de gener de 2026 a les 08:20 <\/strong>i tot seguit a les<strong> 08:45 h.<\/strong>\u00a0(<em>dos intervencions, <\/em>a<em>l mat\u00ed abans que comencen les curses<\/em>), <strong>Baladre oferim<\/strong> una actuaci\u00f3 de <strong>balls tradicionals <\/strong>en el poble de <strong>Turballos<\/strong> (en el lloc on t\u00e9 l\u2019eixida la cursa), per tal d&#8217;amenitzar als assistents i participants en aquest TRAIL. Baladre col\u00b7labora en aquest esdeveniment esportiu, fomentant aix\u00ed la cultura i tradici\u00f3 dels balls valencians en aquest TRAIL tan important de les nostres serres i comarques valencianes.<\/p>\n<p style=\"text-align: justify;\">En acabar a les <strong>09:00 h. tindr\u00e0 lloc\u00a0l\u2019eixida del Trail<\/strong> modalitat MAX que t\u00e9 un recorregut de <strong>55 km<\/strong> per les muntanyes de la zona.<\/p>\n<p><img loading=\"lazy\" decoding=\"async\" class=\"aligncenter size-large wp-image-5462\" src=\"https:\/\/www.baladre.com\/wp-content\/uploads\/2026\/01\/2026-01-24-Trail-Mediterrania-Baladre-850ppp-724x1024.jpg\" alt=\"\" width=\"724\" height=\"1024\" srcset=\"https:\/\/www.baladre.com\/wp-content\/uploads\/2026\/01\/2026-01-24-Trail-Mediterrania-Baladre-850ppp-724x1024.jpg 724w, https:\/\/www.baladre.com\/wp-content\/uploads\/2026\/01\/2026-01-24-Trail-Mediterrania-Baladre-850ppp-212x300.jpg 212w, https:\/\/www.baladre.com\/wp-content\/uploads\/2026\/01\/2026-01-24-Trail-Mediterrania-Baladre-850ppp-768x1086.jpg 768w, https:\/\/www.baladre.com\/wp-content\/uploads\/2026\/01\/2026-01-24-Trail-Mediterrania-Baladre-850ppp.jpg 850w\" sizes=\"auto, (max-width: 724px) 100vw, 724px\" \/><\/p>\n<hr \/>\n","protected":false},"excerpt":{"rendered":"<p>Este mes de gener es correra el \u201cTrail Ultra Mediterr\u00e0nia 2026\u201d. Este Trail recorrer\u00e0 en dies i modalitats diferents les muntanyes de l\u2019interior de la prov\u00edncia d\u2019Alacant i el sud de Val\u00e8ncia. \u00c9s per aix\u00f2 que dissabte 24 de gener de 2026 a les 08:20 i tot seguit a les 08:45 h.\u00a0(dos intervencions, al mat\u00ed abans que comencen les curses),<\/p>\n","protected":false},"author":2,"featured_media":0,"comment_status":"closed","ping_status":"closed","sticky":false,"template":"","format":"standard","meta":{"footnotes":""},"categories":[11,20,1,18],"tags":[],"class_list":["post-5461","post","type-post","status-publish","format-standard","hentry","category-el-poble-de-muro","category-events-tradicionals-valencians","category-grup-de-danses-baladre","category-musica-tradicional-i-tradicional-valenciana"],"psp_head":"<title>El Grup de Danses Baladre de Muro col\u00b7labora amb els esportistes del \u201cTrail Ultra Mediterr\u00e0nia\u201d, 24\/01\/2026. \u2013 GRUP DE DANSES BALADRE<\/title>\r\n<meta name=\"description\" content=\"Este mes de gener es correra el \u201cTrail Ultra Mediterr\u00e0nia 2026\u201d. Este Trail recorrer\u00e0 en dies i modalitats diferents les muntanyes de l\u2019interior de la prov\u00edncia d\u2019Alacant i el sud de Val\u00e8ncia.\" \/>\r\n<meta name=\"robots\" content=\"index,follow\" \/>\r\n<link rel=\"canonical\" href=\"https:\/\/www.baladre.com\/index.php\/2026\/01\/23\/5461\/\" \/>\r\n","_links":{"self":[{"href":"https:\/\/www.baladre.com\/index.php\/wp-json\/wp\/v2\/posts\/5461","targetHints":{"allow":["GET"]}}],"collection":[{"href":"https:\/\/www.baladre.com\/index.php\/wp-json\/wp\/v2\/posts"}],"about":[{"href":"https:\/\/www.baladre.com\/index.php\/wp-json\/wp\/v2\/types\/post"}],"author":[{"embeddable":true,"href":"https:\/\/www.baladre.com\/index.php\/wp-json\/wp\/v2\/users\/2"}],"replies":[{"embeddable":true,"href":"https:\/\/www.baladre.com\/index.php\/wp-json\/wp\/v2\/comments?post=5461"}],"version-history":[{"count":7,"href":"https:\/\/www.baladre.com\/index.php\/wp-json\/wp\/v2\/posts\/5461\/revisions"}],"predecessor-version":[{"id":5471,"href":"https:\/\/www.baladre.com\/index.php\/wp-json\/wp\/v2\/posts\/5461\/revisions\/5471"}],"wp:attachment":[{"href":"https:\/\/www.baladre.com\/index.php\/wp-json\/wp\/v2\/media?parent=5461"}],"wp:term":[{"taxonomy":"category","embeddable":true,"href":"https:\/\/www.baladre.com\/index.php\/wp-json\/wp\/v2\/categories?post=5461"},{"taxonomy":"post_tag","embeddable":true,"href":"https:\/\/www.baladre.com\/index.php\/wp-json\/wp\/v2\/tags?post=5461"}],"curies":[{"name":"wp","href":"https:\/\/api.w.org\/{rel}","templated":true}]}}