{"id":5267,"date":"2025-06-09T14:25:31","date_gmt":"2025-06-09T14:25:31","guid":{"rendered":"https:\/\/www.baladre.com\/?p=5267"},"modified":"2025-07-08T13:18:07","modified_gmt":"2025-07-08T13:18:07","slug":"aplec-mariola-2","status":"publish","type":"post","link":"https:\/\/www.baladre.com\/index.php\/2025\/06\/09\/aplec-mariola-2\/","title":{"rendered":"El Grup Baladre participa en el: \u00abXIX Aplec de les Danses dels Pobles de la Serra Mariola en Planes de la Baronia \u2013 28\/06\/2025."},"content":{"rendered":"<p style=\"text-align: justify;\">Enguany <strong>2025<\/strong>, celebrem en Planes de la Baronia el \u201c<strong>XIX Aplec de Danses dels Pobles de la Mariola\u201d.<\/strong>\u00a0En total seran\u00a0<strong>10 pobles<\/strong>, que ballaran pels carrers de <strong>Planes<\/strong>, mostrant les similituds i difer\u00e8ncies de les seues respectives dansades tradicionals, que com sabem, venen de les mateixes arrels i que les fan ser germanes i \u00faniques i distintes al mateix temps, fet el qual enriqueix la cultura valenciana i refor\u00e7a la identitat de cada poble. Tant de bo que fa que ens sentim orgullosos dels nostres costums i tamb\u00e9 que coneguem i valorem els dels altres i ballem i fem festa tots junts, fomentem l\u2019alegria, la germanor i sobretot, la pau entre els pobles!<br \/>\n<strong>Aplec Planes 2025, pobles participants:<\/strong> <span style=\"font-size: 12pt;\"><em>Alcoi, <\/em><\/span><em><span style=\"font-size: 12pt;\">Agres, Castalla, Banyeres de Mariola, Cocentaina, Muro, Pen\u00e0guila, Bocairent, Beneixama, Planes.<\/span><br \/>\n<\/em><span style=\"color: #800000;\"><em>Els grups de danses de la Serra Mariola, van acordar per unanimitat portar avant el projecte de fer \u00abL\u2019Aplec de Danses de la Serra Mariola\u00bb, amb car\u00e0cter anual i itinerant. Participen tots els pobles que estan a l\u2019abast geogr\u00e0fic d\u2019aquesta serra de les comarques valencianes del sud i on cada poble fa una mostra de la seua dansada tradicional. El primer aplec es va celebrar a\u00a0Alcoi el 17 de setembre de 2005.\u00a0<strong>Enguany 2025<\/strong>, el poble organitzador ser\u00e0 <strong>Planes, el 28 de juny de 2025 a les 19\u201900 h<\/strong>.<\/em><\/span><\/p>\n<p style=\"text-align: justify;\"><strong>Programaci\u00f3 XIX Aplec de Danses dels pobles de la Mariola:<\/strong><\/p>\n<p style=\"text-align: justify;\"><strong>*17:00\u202fh.<\/strong> <span style=\"text-decoration: underline;\">RECEPCI\u00d3 DELS POBLES.<\/span> Carrer Metge Rodrigo on estan les escoles per canviar-se: -Cotxes. C\/ Metge Rodrigo. -Bus. C\/ Ciutat de Val\u00e8ncia, 13. Al conductor se li indicar\u00e0 lloc d\u2019aparcament. En ambd\u00f3s casos tindreu un Agent Protecci\u00f3 Civil i dos col\u00b7laboradors per tal d\u2019atendre-us en tot moment.<\/p>\n<p style=\"text-align: justify;\"><strong>*18:45 h.<\/strong> <span style=\"text-decoration: underline;\">EIXIDA DEL COL\u00b7LEGI.<\/span> Per dirigir-se al lloc on s\u2019inicia la cercavila: carrer del Bisbe Rafael Sanus.<\/p>\n<p style=\"text-align: justify;\"><strong>*19:00 h.<\/strong> <span style=\"text-decoration: underline;\">INICI CERCAVILA.<\/span> Des del carrer del Bisbe Rafael Sanus fins a la placeta Ciutat de Lleida. <span style=\"text-decoration: underline;\">ORDRE:<\/span> <span style=\"font-size: 12pt;\"><em>Alcoi, Agres, Castalla, Banyeres de Mariola, Cocentaina, Muro, Pen\u00e0guila, Bocairent, Beneixama i Planes<\/em>.<\/span> Els pobles que no tenen portador del cartell identificatiu, ser\u00e0 portat per un dels col\u00b7laboradors assignats pel poble de Planes.<\/p>\n<p style=\"text-align: justify;\"><strong>*19:30 h.<\/strong> <span style=\"text-decoration: underline;\">HORA PREVISTA D\u2019INICI DE LES DANSADES.<\/span> Des de la placeta Ciutat de Lleida fins al carrer del Bisbe Rafael Sanus.<br \/>\n<strong>*21:30 h.<\/strong> <span style=\"text-decoration: underline;\">HORA PREVISTA D\u2019ARRIBADA DE TOTS ELS POBLES.<\/span> Ball de la dans\u00e0 de Planes per part de tots els pobles participants. Quan s\u2019acabe cada poble tornar\u00e0 a canviar-se al lloc on estaven, juntament amb els col\u00b7laboradors corresponents.<br \/>\n<strong>*22:30 h.<\/strong> <span style=\"text-decoration: underline;\">SOPAR-SARAU.<\/span> A continuaci\u00f3, el poble de Planes convidar\u00e0 a sopar als grups de Danses dels pobles. En les taules estar\u00e0 el nom del poble amb el nombre de taules i cadires assignades segons la quantitat confirmada per cada responsable de grup. El sarau popular i ball tradicional ser\u00e0 a c\u00e0rrec de totes les rondalles dels grups de danses que formen l\u2019Aplec de Danses de la Mariola en la pista poliesportiva Martiniano Quintanilla de Planes despr\u00e9s del sopar de participants. Us esperem.<\/p>\n<p><img loading=\"lazy\" decoding=\"async\" class=\"aligncenter size-large wp-image-5264\" src=\"https:\/\/www.baladre.com\/wp-content\/uploads\/2025\/06\/021-CartellAplecPlanes2025-850ppp-724x1024.jpg\" alt=\"\" width=\"724\" height=\"1024\" srcset=\"https:\/\/www.baladre.com\/wp-content\/uploads\/2025\/06\/021-CartellAplecPlanes2025-850ppp-724x1024.jpg 724w, https:\/\/www.baladre.com\/wp-content\/uploads\/2025\/06\/021-CartellAplecPlanes2025-850ppp-212x300.jpg 212w, https:\/\/www.baladre.com\/wp-content\/uploads\/2025\/06\/021-CartellAplecPlanes2025-850ppp-768x1086.jpg 768w, https:\/\/www.baladre.com\/wp-content\/uploads\/2025\/06\/021-CartellAplecPlanes2025-850ppp.jpg 850w\" sizes=\"auto, (max-width: 724px) 100vw, 724px\" \/><\/p>\n<p><img loading=\"lazy\" decoding=\"async\" class=\"aligncenter size-large wp-image-5278\" src=\"https:\/\/www.baladre.com\/wp-content\/uploads\/2025\/06\/2025-06-28-AplecMariola-Planes-850ppp-819x1024.jpg\" alt=\"\" width=\"819\" height=\"1024\" srcset=\"https:\/\/www.baladre.com\/wp-content\/uploads\/2025\/06\/2025-06-28-AplecMariola-Planes-850ppp-819x1024.jpg 819w, https:\/\/www.baladre.com\/wp-content\/uploads\/2025\/06\/2025-06-28-AplecMariola-Planes-850ppp-240x300.jpg 240w, https:\/\/www.baladre.com\/wp-content\/uploads\/2025\/06\/2025-06-28-AplecMariola-Planes-850ppp-768x960.jpg 768w, https:\/\/www.baladre.com\/wp-content\/uploads\/2025\/06\/2025-06-28-AplecMariola-Planes-850ppp.jpg 850w\" sizes=\"auto, (max-width: 819px) 100vw, 819px\" \/><\/p>\n<hr \/>\n","protected":false},"excerpt":{"rendered":"<p>Enguany 2025, celebrem en Planes de la Baronia el \u201cXIX Aplec de Danses dels Pobles de la Mariola\u201d.\u00a0En total seran\u00a010 pobles, que ballaran pels carrers de Planes, mostrant les similituds i difer\u00e8ncies de les seues respectives dansades tradicionals, que com sabem, venen de les mateixes arrels i que les fan ser germanes i \u00faniques i distintes al mateix temps, fet<\/p>\n","protected":false},"author":2,"featured_media":0,"comment_status":"closed","ping_status":"closed","sticky":false,"template":"","format":"standard","meta":{"footnotes":""},"categories":[10,25,33,20,1,9,12],"tags":[],"class_list":["post-5267","post","type-post","status-publish","format-standard","hentry","category-aplec-de-danses","category-aplec-de-danses-mariola","category-aplecs-tradicionals","category-events-tradicionals-valencians","category-grup-de-danses-baladre","category-rondalla-baladre","category-sarau-a-la-valenciana"],"psp_head":"<title>El Grup Baladre participa en el: \u00abXIX Aplec de les Danses dels Pobles de la Serra Mariola en Planes de la Baronia \u2013 28\/06\/2025. \u2013 GRUP DE DANSES BALADRE<\/title>\r\n<meta name=\"description\" content=\"Enguany 2025, celebrem en Planes de la Baronia el \u201cXIX Aplec de Danses dels Pobles de la Mariola\u201d.\u00a0En total seran\u00a010 pobles, que ballaran pels carrers de Planes, mostrant les similituds i difer\u00e8ncies de les seues respectives dansades tradicionals, que com sabem, venen de les mateixes arrels i que les fan ser germanes i \u00faniques i distintes al mateix temps, fet el qual enriqueix la cultura valenciana i refor\u00e7a la identitat de cada poble.\" \/>\r\n<meta name=\"robots\" content=\"index,follow\" \/>\r\n<link rel=\"canonical\" href=\"https:\/\/www.baladre.com\/index.php\/2025\/06\/09\/aplec-mariola-2\/\" \/>\r\n","_links":{"self":[{"href":"https:\/\/www.baladre.com\/index.php\/wp-json\/wp\/v2\/posts\/5267","targetHints":{"allow":["GET"]}}],"collection":[{"href":"https:\/\/www.baladre.com\/index.php\/wp-json\/wp\/v2\/posts"}],"about":[{"href":"https:\/\/www.baladre.com\/index.php\/wp-json\/wp\/v2\/types\/post"}],"author":[{"embeddable":true,"href":"https:\/\/www.baladre.com\/index.php\/wp-json\/wp\/v2\/users\/2"}],"replies":[{"embeddable":true,"href":"https:\/\/www.baladre.com\/index.php\/wp-json\/wp\/v2\/comments?post=5267"}],"version-history":[{"count":14,"href":"https:\/\/www.baladre.com\/index.php\/wp-json\/wp\/v2\/posts\/5267\/revisions"}],"predecessor-version":[{"id":5291,"href":"https:\/\/www.baladre.com\/index.php\/wp-json\/wp\/v2\/posts\/5267\/revisions\/5291"}],"wp:attachment":[{"href":"https:\/\/www.baladre.com\/index.php\/wp-json\/wp\/v2\/media?parent=5267"}],"wp:term":[{"taxonomy":"category","embeddable":true,"href":"https:\/\/www.baladre.com\/index.php\/wp-json\/wp\/v2\/categories?post=5267"},{"taxonomy":"post_tag","embeddable":true,"href":"https:\/\/www.baladre.com\/index.php\/wp-json\/wp\/v2\/tags?post=5267"}],"curies":[{"name":"wp","href":"https:\/\/api.w.org\/{rel}","templated":true}]}}