{"id":5263,"date":"2025-06-09T14:23:48","date_gmt":"2025-06-09T14:23:48","guid":{"rendered":"https:\/\/www.baladre.com\/?p=5263"},"modified":"2025-07-08T13:44:05","modified_gmt":"2025-07-08T13:44:05","slug":"aplec-mariola","status":"publish","type":"post","link":"https:\/\/www.baladre.com\/index.php\/2025\/06\/09\/aplec-mariola\/","title":{"rendered":"El Grup de Danses Baladre i La Xafig\u00e0 de Muro organitzen i participen en les \u00abDanses de Muro a la Pla\u00e7a del Palau\u00bb, del 17 al 21 de juny de 2025."},"content":{"rendered":"<p style=\"text-align: justify;\">S&#8217;apropa el mes de juny i arriba la festivitat de les \u00ab<strong>Danses de <\/strong><span class=\"hiddenSpellError\"><strong>Pal\u00e0cio<\/strong>\u00ab<\/span> del poble de Muro, aquest any se celebren <strong>del 17 al 21 de juny de 2025<\/strong>:<br \/>\n<span style=\"text-decoration: underline; font-size: 12pt;\"><strong>Programaci\u00f3:<br \/>\n<\/strong><\/span><span style=\"font-size: 12pt;\">DANSETES AL CARRER I PEDANIA:<br \/>\n<\/span><span style=\"font-family: arial, helvetica, sans-serif;\"><span style=\"font-size: 12pt;\"><strong>\u00a0 -Dimarts 17<\/strong>\u00a0<strong>de juny: <\/strong><\/span>carrer Aitana.<\/span><br \/>\n<span style=\"font-family: arial, helvetica, sans-serif;\"><strong><span class=\"hiddenGrammarError\" style=\"padding-bottom: 2px; background-image: url('..\/..\/..\/..\/..\/images\/squiggle.png'); background-repeat: repeat-x; background-position: left bottom; cursor: default; color: #000000; font-size: 16px; font-style: normal; font-variant-ligatures: normal; font-variant-caps: normal; letter-spacing: normal; orphans: 2; text-align: start; text-indent: 0px; text-transform: none; white-space: normal; widows: 2; word-spacing: 0px; -webkit-text-stroke-width: 0px;\">\u00a0 -Dimecres<\/span> 18 de juny<\/strong><strong>:<\/strong> pedania Benamer.<\/span><br \/>\n<span style=\"font-family: arial, helvetica, sans-serif;\"><strong><span class=\"hiddenGrammarError\" style=\"padding-bottom: 2px; background-image: url('..\/..\/..\/..\/..\/images\/squiggle.png'); background-repeat: repeat-x; background-position: left bottom; cursor: default; color: #000000; font-size: 16px; font-style: normal; font-variant-ligatures: normal; font-variant-caps: normal; letter-spacing: normal; orphans: 2; text-align: start; text-indent: 0px; text-transform: none; white-space: normal; widows: 2; word-spacing: 0px; -webkit-text-stroke-width: 0px;\">\u00a0 -Dijous<\/span> 19<\/strong>\u00a0<strong>de juny:<\/strong> Ccrrer St. Josep i Pla\u00e7a l&#8217;Era.<\/span><br \/>\n<span style=\"font-family: arial, helvetica, sans-serif;\"><strong><span class=\"hiddenGrammarError\" style=\"padding-bottom: 2px; background-image: url('..\/..\/..\/..\/..\/images\/squiggle.png'); background-repeat: repeat-x; background-position: left bottom; cursor: default; color: #000000; font-size: 16px; font-style: normal; font-variant-ligatures: normal; font-variant-caps: normal; letter-spacing: normal; orphans: 2; text-align: start; text-indent: 0px; text-transform: none; white-space: normal; widows: 2; word-spacing: 0px; -webkit-text-stroke-width: 0px;\">\u00a0 -Divendres<\/span> 20<\/strong>\u00a0<strong>de juny:<\/strong> pla\u00e7a de <span class=\"hiddenSpellError\" style=\"padding-bottom: 2px; background-image: url('..\/..\/..\/..\/..\/images\/squiggle_red.png'); background-repeat: repeat-x; background-position: left bottom; cursor: default; color: #000000; font-size: 16px; font-style: normal; font-variant-ligatures: normal; font-variant-caps: normal; font-weight: 300; letter-spacing: normal; orphans: 2; text-align: start; text-indent: 0px; text-transform: none; white-space: normal; widows: 2; word-spacing: 0px; -webkit-text-stroke-width: 0px;\">Pal\u00e0cio.<\/span><\/span><br \/>\n<span style=\"font-family: arial, helvetica, sans-serif;\">Horari per als quatre dies: <em>a les 20.00 h es tira el primer tro, anunciant la Dans\u00e0.<\/em><\/span><br \/>\n<span style=\"font-family: arial, helvetica, sans-serif;\"><em>A les 20.30 h, es tira el segon tro i comen\u00e7a la Dans\u00e0. Divendres el inici de la Dans\u00e0 ser\u00e0 a les 21&#8217;00 h.<\/em><\/span><br \/>\n<strong>\u00a0-Dissabte 21 de juny:<br \/>\n<\/strong><span style=\"text-decoration: underline;\">Danses de Muro al carrer i pla\u00e7a de <span class=\"hiddenSpellError\" style=\"padding-bottom: 2px; background-image: url('..\/..\/..\/..\/..\/images\/squiggle_red.png'); background-repeat: repeat-x; background-position: left bottom; cursor: default; color: #000000; font-family: 'Open Sans', Helvetica, Arial, sans-serif; font-size: 16px; font-style: normal; font-variant-ligatures: normal; font-variant-caps: normal; font-weight: 300; letter-spacing: normal; orphans: 2; text-align: start; text-indent: 0px; text-transform: none; white-space: normal; widows: 2; word-spacing: 0px; -webkit-text-stroke-width: 0px; text-decoration: underline;\">PAL\u00c0CIO:<\/span><\/span><br \/>\n<strong>\u00a0 <span style=\"font-family: arial, helvetica, sans-serif; font-size: 12pt;\">19:0<span class=\"hiddenGrammarError\" style=\"padding-bottom: 2px; background-image: url('..\/..\/..\/..\/..\/images\/squiggle.png'); background-repeat: repeat-x; background-position: left bottom; cursor: default; color: #000000; font-style: normal; font-variant-ligatures: normal; font-variant-caps: normal; letter-spacing: normal; orphans: 2; text-align: start; text-indent: 0px; text-transform: none; white-space: normal; widows: 2; word-spacing: 0px; -webkit-text-stroke-width: 0px;\">0h<\/span>.<\/span><\/strong><span style=\"font-family: arial, helvetica, sans-serif; font-size: 12pt;\"> Cercavila des de la seu de La Xafig\u00e0 i Baladre (antiga estaci\u00f3). Recorregut de la cercavila: Eixida del Carrer Gandia, seu de la Xafig\u00e0 i Baladre. Carrer Central, Avinguda Alcoi, Carrer Sants de la Pedra, Carrer Sant Antoni, Carrer Papa\u00a0<span class=\"hiddenSpellError\">Juan<\/span> XXIII, Pla\u00e7a <span class=\"hiddenSpellError\">Pal\u00e0cio<\/span>,\u00a0<span class=\"hiddenGrammarError\" style=\"padding-bottom: 2px; background-image: url('..\/..\/..\/..\/..\/images\/squiggle.png'); background-repeat: repeat-x; background-position: left bottom; cursor: default; color: #000000; font-style: normal; font-variant-ligatures: normal; font-variant-caps: normal; font-weight: 300; letter-spacing: normal; orphans: 2; text-align: start; text-indent: 0px; text-transform: none; white-space: normal; widows: 2; word-spacing: 0px; -webkit-text-stroke-width: 0px;\">fins<\/span> a arribar al <span class=\"hiddenSpellError\">Sant\u00edssim<\/span>.<\/span><br \/>\n<strong>\u00a0 \u00a0<span style=\"font-family: arial, helvetica, sans-serif; font-size: 12pt;\">20:0<span class=\"hiddenGrammarError\">0h<\/span>.<\/span><\/strong><span style=\"font-family: arial, helvetica, sans-serif; font-size: 12pt;\"> Dans\u00e0 tradicional de Muro del Carrer i Pla\u00e7a del Palau.<\/span><br \/>\n<span style=\"font-family: arial, helvetica, sans-serif; font-size: 12pt;\"><strong>\u00a0 \u00a022:<span class=\"hiddenGrammarError\" style=\"padding-bottom: 2px; background-image: url('..\/..\/..\/..\/..\/images\/squiggle.png'); background-repeat: repeat-x; background-position: left bottom; cursor: default; color: #000000; font-style: normal; font-variant-ligatures: normal; font-variant-caps: normal; letter-spacing: normal; orphans: 2; text-align: start; text-indent: 0px; text-transform: none; white-space: normal; widows: 2; word-spacing: 0px; -webkit-text-stroke-width: 0px;\">00h<\/span>.<\/strong> Sopar de\u00a0<span class=\"hiddenSpellError\" style=\"padding-bottom: 2px; background-image: url('..\/..\/..\/..\/..\/images\/squiggle_red.png'); background-repeat: repeat-x; background-position: left bottom; cursor: default; color: #000000; font-style: normal; font-variant-ligatures: normal; font-variant-caps: normal; font-weight: 300; letter-spacing: normal; orphans: 2; text-align: start; text-indent: 0px; text-transform: none; white-space: normal; widows: 2; word-spacing: 0px; -webkit-text-stroke-width: 0px;\">faixeta\u00a0<\/span><\/span><br \/>\n<span style=\"font-family: arial, helvetica, sans-serif; font-size: 12pt;\"><strong>\u00a0 \u00a023:<span class=\"hiddenGrammarError\" style=\"padding-bottom: 2px; background-image: url('..\/..\/..\/..\/..\/images\/squiggle.png'); background-repeat: repeat-x; background-position: left bottom; cursor: default; color: #000000; font-style: normal; font-variant-ligatures: normal; font-variant-caps: normal; letter-spacing: normal; orphans: 2; text-align: start; text-indent: 0px; text-transform: none; white-space: normal; widows: 2; word-spacing: 0px; -webkit-text-stroke-width: 0px;\">00h<\/span>.<\/strong> Sarau popular a la valenciana a c\u00e0rrec de la Rondalla Baladre.<\/span><br \/>\n<strong>Lloc:<\/strong> Pla\u00e7a\u00a0<span class=\"hiddenSpellError\">Pal\u00e0cio<\/span> de Muro.<\/p>\n<p><img loading=\"lazy\" decoding=\"async\" class=\"aligncenter size-large wp-image-5261\" src=\"https:\/\/www.baladre.com\/wp-content\/uploads\/2025\/06\/2025-06-21-Danses-Palacio-850ppp-724x1024.jpg\" alt=\"\" width=\"724\" height=\"1024\" srcset=\"https:\/\/www.baladre.com\/wp-content\/uploads\/2025\/06\/2025-06-21-Danses-Palacio-850ppp-724x1024.jpg 724w, https:\/\/www.baladre.com\/wp-content\/uploads\/2025\/06\/2025-06-21-Danses-Palacio-850ppp-212x300.jpg 212w, https:\/\/www.baladre.com\/wp-content\/uploads\/2025\/06\/2025-06-21-Danses-Palacio-850ppp-768x1086.jpg 768w, https:\/\/www.baladre.com\/wp-content\/uploads\/2025\/06\/2025-06-21-Danses-Palacio-850ppp.jpg 850w\" sizes=\"auto, (max-width: 724px) 100vw, 724px\" \/><\/p>\n<p><img loading=\"lazy\" decoding=\"async\" class=\"aligncenter size-full wp-image-5299\" src=\"https:\/\/www.baladre.com\/wp-content\/uploads\/2025\/06\/2025-06-18-DansetesPalacio-Benamer-850ppp.jpg\" alt=\"\" width=\"850\" height=\"850\" srcset=\"https:\/\/www.baladre.com\/wp-content\/uploads\/2025\/06\/2025-06-18-DansetesPalacio-Benamer-850ppp.jpg 850w, https:\/\/www.baladre.com\/wp-content\/uploads\/2025\/06\/2025-06-18-DansetesPalacio-Benamer-850ppp-300x300.jpg 300w, https:\/\/www.baladre.com\/wp-content\/uploads\/2025\/06\/2025-06-18-DansetesPalacio-Benamer-850ppp-150x150.jpg 150w, https:\/\/www.baladre.com\/wp-content\/uploads\/2025\/06\/2025-06-18-DansetesPalacio-Benamer-850ppp-768x768.jpg 768w, https:\/\/www.baladre.com\/wp-content\/uploads\/2025\/06\/2025-06-18-DansetesPalacio-Benamer-850ppp-90x90.jpg 90w, https:\/\/www.baladre.com\/wp-content\/uploads\/2025\/06\/2025-06-18-DansetesPalacio-Benamer-850ppp-75x75.jpg 75w\" sizes=\"auto, (max-width: 850px) 100vw, 850px\" \/> <img loading=\"lazy\" decoding=\"async\" class=\"aligncenter size-large wp-image-5300\" src=\"https:\/\/www.baladre.com\/wp-content\/uploads\/2025\/06\/2025-06-21-VisitaGuiada-Danses-850ppp-819x1024.jpg\" alt=\"\" width=\"819\" height=\"1024\" srcset=\"https:\/\/www.baladre.com\/wp-content\/uploads\/2025\/06\/2025-06-21-VisitaGuiada-Danses-850ppp-819x1024.jpg 819w, https:\/\/www.baladre.com\/wp-content\/uploads\/2025\/06\/2025-06-21-VisitaGuiada-Danses-850ppp-240x300.jpg 240w, https:\/\/www.baladre.com\/wp-content\/uploads\/2025\/06\/2025-06-21-VisitaGuiada-Danses-850ppp-768x960.jpg 768w, https:\/\/www.baladre.com\/wp-content\/uploads\/2025\/06\/2025-06-21-VisitaGuiada-Danses-850ppp.jpg 850w\" sizes=\"auto, (max-width: 819px) 100vw, 819px\" \/><\/p>\n<div class=\"xdj266r x14z9mp xat24cr x1lziwak x1vvkbs x126k92a\">\n<div dir=\"auto\" style=\"text-align: justify;\">Dissabte 21 de juny 18.30 h &#8211; Eixida des de la Pla\u00e7a Matzem &#8211; <span style=\"font-size: 0.95em;\">Visita guiada pel patrimoni de Muro: Castell, Museu Fester, alm\u00e0ssera, esgl\u00e9sia i ermita &#8211;<\/span><span style=\"font-size: 0.95em;\"> Final amb Danses de Palacio a c\u00e0rrec del Grup Baladre i La Xafig\u00e0! <\/span><span style=\"font-size: 0.95em;\">T\u2019esperem!<\/span><\/div>\n<\/div>\n<hr \/>\n","protected":false},"excerpt":{"rendered":"<p>S&#8217;apropa el mes de juny i arriba la festivitat de les \u00abDanses de Pal\u00e0cio\u00ab del poble de Muro, aquest any se celebren del 17 al 21 de juny de 2025: Programaci\u00f3: DANSETES AL CARRER I PEDANIA: \u00a0 -Dimarts 17\u00a0de juny: carrer Aitana. \u00a0 -Dimecres 18 de juny: pedania Benamer. \u00a0 -Dijous 19\u00a0de juny: Ccrrer St. Josep i Pla\u00e7a l&#8217;Era. \u00a0<\/p>\n","protected":false},"author":2,"featured_media":0,"comment_status":"closed","ping_status":"closed","sticky":false,"template":"","format":"standard","meta":{"footnotes":""},"categories":[23,15,11,20,1,18,9],"tags":[],"class_list":["post-5263","post","type-post","status-publish","format-standard","hentry","category-danses-de-palacio-muro","category-danses-i-grups-de-danses","category-el-poble-de-muro","category-events-tradicionals-valencians","category-grup-de-danses-baladre","category-musica-tradicional-i-tradicional-valenciana","category-rondalla-baladre"],"psp_head":"<title>El Grup de Danses Baladre i La Xafig\u00e0 de Muro organitzen i participen en les &quot;Danses de Muro a la Pla\u00e7a del Palau&quot;, del 17 al 21 de juny de 2025. \u2013 GRUP DE DANSES BALADRE<\/title>\r\n<meta name=\"description\" content=\"S&#039;apropa el mes de juny i arriba la festivitat de les &quot;Danses de Pal\u00e0cio&quot; del poble de Muro, aquest any se celebren del 17 al 21 de juny de 2025: Programaci\u00f3: DANSETES AL CARRER I PEDANIA: \u00a0 -Dimarts 17\u00a0de juny: carrer Aitana.\" \/>\r\n<meta name=\"robots\" content=\"index,follow\" \/>\r\n<link rel=\"canonical\" href=\"https:\/\/www.baladre.com\/index.php\/2025\/06\/09\/aplec-mariola\/\" \/>\r\n","_links":{"self":[{"href":"https:\/\/www.baladre.com\/index.php\/wp-json\/wp\/v2\/posts\/5263","targetHints":{"allow":["GET"]}}],"collection":[{"href":"https:\/\/www.baladre.com\/index.php\/wp-json\/wp\/v2\/posts"}],"about":[{"href":"https:\/\/www.baladre.com\/index.php\/wp-json\/wp\/v2\/types\/post"}],"author":[{"embeddable":true,"href":"https:\/\/www.baladre.com\/index.php\/wp-json\/wp\/v2\/users\/2"}],"replies":[{"embeddable":true,"href":"https:\/\/www.baladre.com\/index.php\/wp-json\/wp\/v2\/comments?post=5263"}],"version-history":[{"count":11,"href":"https:\/\/www.baladre.com\/index.php\/wp-json\/wp\/v2\/posts\/5263\/revisions"}],"predecessor-version":[{"id":5302,"href":"https:\/\/www.baladre.com\/index.php\/wp-json\/wp\/v2\/posts\/5263\/revisions\/5302"}],"wp:attachment":[{"href":"https:\/\/www.baladre.com\/index.php\/wp-json\/wp\/v2\/media?parent=5263"}],"wp:term":[{"taxonomy":"category","embeddable":true,"href":"https:\/\/www.baladre.com\/index.php\/wp-json\/wp\/v2\/categories?post=5263"},{"taxonomy":"post_tag","embeddable":true,"href":"https:\/\/www.baladre.com\/index.php\/wp-json\/wp\/v2\/tags?post=5263"}],"curies":[{"name":"wp","href":"https:\/\/api.w.org\/{rel}","templated":true}]}}