{"id":3163,"date":"2024-08-20T16:26:05","date_gmt":"2024-08-20T16:26:05","guid":{"rendered":"http:\/\/www.baladre.com\/?p=3163"},"modified":"2025-04-10T11:20:33","modified_gmt":"2025-04-10T11:20:33","slug":"gaianes2024","status":"publish","type":"post","link":"https:\/\/www.baladre.com\/index.php\/2024\/08\/20\/gaianes2024\/","title":{"rendered":"La Rondalla BALADRE participa en la dans\u00e0 i Mostra de Balls Tradicionals Valencians de Gaianes \u2013 31\/08\/2024."},"content":{"rendered":"<p style=\"text-align: justify;\">El dissabte\u00a0<strong>31 d\u2019agost de 2024 a les 19\u201900 h. en la Pla\u00e7a Major, <\/strong>en acabar la dans\u00e0, la Rondalla Baladre de Muro acompanyar\u00e0 musicalment\u00a0a\u00a0les <strong>dansadores i dansadors de\u00a0Gaianes<\/strong>, en esta Mostra de Balls Tradicionals Valencians de <strong>Gaianes 2024<\/strong>. Enguany oferirem als assistents una <strong>actuaci\u00f3-homenatge<\/strong> dedicada a la volguda i estimada cantaora local <em><span style=\"font-size: 12pt;\">Dorotea Vicen<\/span><span style=\"font-size: 12pt;\">t,<\/span><\/em> en agra\u00efment per la seua contribuci\u00f3 a la recuperaci\u00f3 i divulgaci\u00f3 de la m\u00fasica i tradicions del poble de Gaianes i de les nostres comarques ve\u00efnes, amb la col\u00b7laboraci\u00f3 especial dels cantaors <span style=\"font-size: 12pt;\"><em>Pep Botifarra i Hilari Alonso<\/em><\/span>.<\/p>\n<p style=\"text-align: justify;\">Les Festes Patronals de Gaianes s\u00f3n en honor a la Mare de D\u00e9u de la Llum i Sant Francesc de P\u00e0ola i se celebren el primer cap de setmana de setembre, la dans\u00e0 es balla el dia de la vespra de festes i com cada any es fa amb la col\u00b7laboraci\u00f3 de la Societat Musical \u00abMestre Orts\u00bb de Gaianes i l\u2019endem\u00e0 primer dia de festes\u00a0<strong>els dansaors de Gaianes<\/strong>\u00a0fan una\u00a0<strong>mostra de\u00a0balls a la Pla\u00e7a Major\u00a0<\/strong>del poble, acompanyats per la\u00a0<strong>Rondalla Baladre de Muro.<img loading=\"lazy\" decoding=\"async\" class=\"aligncenter size-large wp-image-5063\" src=\"https:\/\/www.baladre.com\/wp-content\/uploads\/2024\/08\/2024-08-31-Gaianes-850ppp-724x1024.jpg\" alt=\"\" width=\"724\" height=\"1024\" srcset=\"https:\/\/www.baladre.com\/wp-content\/uploads\/2024\/08\/2024-08-31-Gaianes-850ppp-724x1024.jpg 724w, https:\/\/www.baladre.com\/wp-content\/uploads\/2024\/08\/2024-08-31-Gaianes-850ppp-212x300.jpg 212w, https:\/\/www.baladre.com\/wp-content\/uploads\/2024\/08\/2024-08-31-Gaianes-850ppp-768x1086.jpg 768w, https:\/\/www.baladre.com\/wp-content\/uploads\/2024\/08\/2024-08-31-Gaianes-850ppp.jpg 850w\" sizes=\"auto, (max-width: 724px) 100vw, 724px\" \/><\/strong><\/p>\n<hr \/>\n","protected":false},"excerpt":{"rendered":"<p>El dissabte\u00a031 d\u2019agost de 2024 a les 19\u201900 h. en la Pla\u00e7a Major, en acabar la dans\u00e0, la Rondalla Baladre de Muro acompanyar\u00e0 musicalment\u00a0a\u00a0les dansadores i dansadors de\u00a0Gaianes, en esta Mostra de Balls Tradicionals Valencians de Gaianes 2024. Enguany oferirem als assistents una actuaci\u00f3-homenatge dedicada a la volguda i estimada cantaora local Dorotea Vicent, en agra\u00efment per la seua contribuci\u00f3<\/p>\n","protected":false},"author":2,"featured_media":0,"comment_status":"closed","ping_status":"closed","sticky":false,"template":"","format":"standard","meta":{"footnotes":""},"categories":[20,32,18,9],"tags":[],"class_list":["post-3163","post","type-post","status-publish","format-standard","hentry","category-events-tradicionals-valencians","category-festes-tradicionals-i-patronals","category-musica-tradicional-i-tradicional-valenciana","category-rondalla-baladre"],"psp_head":"<title>La Rondalla BALADRE participa en la dans\u00e0 i Mostra de Balls Tradicionals Valencians de Gaianes \u2013 31\/08\/2024. \u2013 GRUP DE DANSES BALADRE<\/title>\r\n<meta name=\"description\" content=\"El dissabte\u00a031 d\u2019agost de 2024 a les 19\u201900 h. en la Pla\u00e7a Major, en acabar la dans\u00e0, la Rondalla Baladre de Muro acompanyar\u00e0 musicalment\u00a0a\u00a0les dansadores i dansadors de\u00a0Gaianes, en esta Mostra de Balls Tradicionals Valencians de Gaianes 2024.\" \/>\r\n<meta name=\"robots\" content=\"index,follow\" \/>\r\n<link rel=\"canonical\" href=\"https:\/\/www.baladre.com\/index.php\/2024\/08\/20\/gaianes2024\/\" \/>\r\n","_links":{"self":[{"href":"https:\/\/www.baladre.com\/index.php\/wp-json\/wp\/v2\/posts\/3163","targetHints":{"allow":["GET"]}}],"collection":[{"href":"https:\/\/www.baladre.com\/index.php\/wp-json\/wp\/v2\/posts"}],"about":[{"href":"https:\/\/www.baladre.com\/index.php\/wp-json\/wp\/v2\/types\/post"}],"author":[{"embeddable":true,"href":"https:\/\/www.baladre.com\/index.php\/wp-json\/wp\/v2\/users\/2"}],"replies":[{"embeddable":true,"href":"https:\/\/www.baladre.com\/index.php\/wp-json\/wp\/v2\/comments?post=3163"}],"version-history":[{"count":5,"href":"https:\/\/www.baladre.com\/index.php\/wp-json\/wp\/v2\/posts\/3163\/revisions"}],"predecessor-version":[{"id":5064,"href":"https:\/\/www.baladre.com\/index.php\/wp-json\/wp\/v2\/posts\/3163\/revisions\/5064"}],"wp:attachment":[{"href":"https:\/\/www.baladre.com\/index.php\/wp-json\/wp\/v2\/media?parent=3163"}],"wp:term":[{"taxonomy":"category","embeddable":true,"href":"https:\/\/www.baladre.com\/index.php\/wp-json\/wp\/v2\/categories?post=3163"},{"taxonomy":"post_tag","embeddable":true,"href":"https:\/\/www.baladre.com\/index.php\/wp-json\/wp\/v2\/tags?post=3163"}],"curies":[{"name":"wp","href":"https:\/\/api.w.org\/{rel}","templated":true}]}}