{"id":3093,"date":"2024-03-27T15:13:48","date_gmt":"2024-03-27T15:13:48","guid":{"rendered":"http:\/\/www.baladre.com\/?p=3093"},"modified":"2025-02-19T16:42:54","modified_gmt":"2025-02-19T16:42:54","slug":"turballos-cau-de-raboses-el-grup-de-danses-baladre-a-les-festes-de-turballos","status":"publish","type":"post","link":"https:\/\/www.baladre.com\/index.php\/2024\/03\/27\/turballos-cau-de-raboses-el-grup-de-danses-baladre-a-les-festes-de-turballos\/","title":{"rendered":"\u00abTURBALLOS CAU DE RABOSES\u00bb: El Grup de Danses Baladre en les Festes de St. Francesc de P\u00e0ola de Turballos."},"content":{"rendered":"<p style=\"text-align: justify;\"><span style=\"text-decoration: underline;\"><span style=\"font-size: 12pt;\"><strong>LES FESTES DE TURBALLOS<\/strong><br \/>\n<\/span><\/span><strong>Turballos<\/strong> celebra les seues <strong>festes Patronals en Honor a Sant Francesc de Paola<\/strong>, el cap de setmana del <strong>tercer diumenge de setembre<\/strong>. El Grup de Danses<strong>\u00a0Baladre<\/strong> de Muro <strong>participa<\/strong> en estes festes patronals cada tercer diumenge de setembre <strong>des del 17 de setembre de l\u2019any 2000<\/strong>, on el diumenge de festes <strong>despr\u00e9s de la missa i la process\u00f3<\/strong> en honor al Sant, <strong>Baladre ens ofereix la seua habitual actuaci\u00f3-espectacle<\/strong> amb l\u2019estrena d\u2019un espectacle renovat cada any de balls, m\u00fasiques, tradicions i hist\u00f2ries de les nostres comarques valencianes, que delecten sempre al p\u00fablic que ve a veure\u2019ns habitualment <strong>en la Pla\u00e7a de l\u2019Esgl\u00e9sia del poble<\/strong>.<\/p>\n<p style=\"text-align: justify;\">El cap de setmana de <strong>festes de Turballos<\/strong>, ve farcit de diferents actes i esdeveniments festius, socials i culturals com ara: <em><span style=\"font-size: 12pt;\">La despert\u00e0 i esmorzar de cabasset, campionat de cotos, contacontes, jocs infantils, dinars i sopars de germanor, castell inflable per als m\u00e9s menuts, entrada de Moros i Cristians, la process\u00f3 del diumenge, l\u2019espectacle del Grup de Danses Baladre i el castell de focs d\u2019artifici com a cloenda de la festa<\/span><\/em>.<\/p>\n<p style=\"text-align: justify;\">Tamb\u00e9 se celebren en Turballos <strong>altres festes, fires i esdeveniments culturals<\/strong> com ara: <span style=\"font-size: 12pt;\"><em>La Festa de la Terra i Intercanvi de Llavors Tradicionals en febrer i la Festa del Benicadell en el mes de maig.<\/em><\/span> Les activitats que actualment es duen a terme durant aquestes celebracions estan <strong>relacionades amb la terra, les tradicions, el medi ambient<\/strong> i la seua sostenibilitat com ara: <em><span style=\"font-size: 12pt;\">rutes per a con\u00e8ixer les plantes meng\u00edvoles de l&#8217;entorn, intercanvi de llavors tradicionals valencianes<\/span><\/em> moltes d\u2019elles en perill d\u2019extinci\u00f3, per als qui estimen i practiquen l\u2019agricultura ecol\u00f2gica i per a lluitar contra l\u2019\u00fas de llavors comercials, utilitzades i controlades per grans empreses multinacionals de la ind\u00fastria agroaliment\u00e0ria, aquesta \u00e9s una eina esmolada per a evitar el control d\u2019aquestes corporacions als nostres productes tradicionals de la terra.<\/p>\n<p style=\"text-align: justify;\">Aquestes <strong>fires ofereixen una gran varietat de productes:<\/strong> <em><span style=\"font-size: 12pt;\">ecol\u00f2gics, artesanals, de proximitat<\/span><\/em> i que van directament de la persona productora a la consumidora i compten amb la col\u00b7laboraci\u00f3 i el suport de tot un seguit d\u2019entitats i associacions locals i comarcals, com ara: <span style=\"font-size: 12pt;\"><em>l\u2019Ajuntament de Muro, la Mancomunitat de l\u2019Alcoi\u00e0-Comtat, el Club Centre Excursionista de Muro, o la Coordinadora de l\u2019Alcoi\u00e0-Comtat pel Valenci\u00e0, entre d\u2019altres.<\/em><\/span> La sessi\u00f3, organitzada per <em><span style=\"font-size: 12pt;\">l\u2019Associaci\u00f3 Cultural de Turballos \u201cCau de raboses\u201d,<\/span><\/em> organitza i programa el mercat i tamb\u00e9 algunes propostes culturals com: l\u2019excursi\u00f3 pels voltants del poble, o una ruta de contacontes.<\/p>\n<p><img loading=\"lazy\" decoding=\"async\" class=\"aligncenter size-large wp-image-3095\" src=\"http:\/\/www.baladre.com\/wp-content\/uploads\/2024\/03\/turballos850ppp-762x1024.jpg\" alt=\"\" width=\"762\" height=\"1024\" srcset=\"https:\/\/www.baladre.com\/wp-content\/uploads\/2024\/03\/turballos850ppp-762x1024.jpg 762w, https:\/\/www.baladre.com\/wp-content\/uploads\/2024\/03\/turballos850ppp-223x300.jpg 223w, https:\/\/www.baladre.com\/wp-content\/uploads\/2024\/03\/turballos850ppp-768x1032.jpg 768w, https:\/\/www.baladre.com\/wp-content\/uploads\/2024\/03\/turballos850ppp.jpg 850w\" sizes=\"auto, (max-width: 762px) 100vw, 762px\" \/><\/p>\n<p style=\"text-align: justify;\"><span style=\"text-decoration: underline; font-size: 12pt;\"><strong>TURBALLOS<\/strong><br \/>\n<\/span><span style=\"font-size: 12pt; color: #800000;\">D\u2019or\u00edgens preisl\u00e0mics, Turballos ha patit diferents episodis de despoblament, el primer en 1515, quan es convida a vint-i-cinc ve\u00efns de Muro a repoblar-la, com en 1609 amb l\u2019expulsi\u00f3 dels moriscos. Tot i experimentar un creixement entre els segles XVIII i XIX, la pedania quedaria deshabitada durant el segle XX, fins que a finals dels anys 1970, el religi\u00f3s Vicent Mic\u00f3 impuls\u00e0 al costat d\u2019uns quants matrimonis la creaci\u00f3 d\u2019una comunitat pacifista, ecologista i autosuficient.<\/span><\/p>\n<p style=\"text-align: justify;\"><span style=\"font-size: 12pt; color: #800000;\">La pedania de Turballos \u00e9s molt singular pel seu aspecte, ja que sembla que els anys no hi hagen passat. Els seus carrers i les seues cases conserven un estil particular i tradicional, i sens dubte \u00e9s visita obligada per a tot aquell que visita aquesta zona.<\/span><\/p>\n<p style=\"text-align: justify;\"><span style=\"font-size: 12pt; color: #800000;\">Turballos \u00e9s una pedania que pertany al municipi de Muro. Est\u00e0 situada al peu en la part meridional de la muntanya del Benicadell, a una altitud de 455 metres. El terreny \u00e9s de sec\u00e0, d\u2019una qualitat regular i el seu cultiu s\u00f3n les oliveres.<\/span><\/p>\n<p style=\"text-align: justify;\"><span style=\"font-size: 12pt; color: #800000;\">Actualment, t\u00e9 18 cases, una esgl\u00e9sia dedicada a Sant Francesc de Paula i celebren les seues festes patronals sempre el tercer diumenge de setembre.<\/span><\/p>\n<p style=\"text-align: justify;\"><span style=\"font-size: 12pt; color: #800000;\">Limita amb Muro pel nord i oest, amb Gaianes limita per l\u2019est i amb Setla de Nunyes pel sud. Est\u00e0 comunicada amb Alacant i amb Val\u00e8ncia per la Nacional 340, punt quilom\u00e8tric 807 i hi ha camins amb els pobles lim\u00edtrofs.<\/span><\/p>\n<p style=\"text-align: justify;\"><span style=\"font-size: 12pt; color: #800000;\">La pedania de Turballos \u00e9s molt singular pel seu aspecte, ja que sembla que els anys no hi hagen passat. Els seus carrers i les seues cases conserven un estil particular i tradicional, i sens dubte \u00e9s visita obligada per a tot aquell que visita aquesta zona.<\/span><\/p>\n<hr \/>\n<p><iframe loading=\"lazy\" title=\"YouTube video player\" src=\"https:\/\/www.youtube.com\/embed\/DH0mqqIZ6Ao?si=j_TCM74nXYDaalzO\" width=\"840\" height=\"482\" frameborder=\"0\" allowfullscreen=\"allowfullscreen\"><\/iframe><\/p>\n<hr \/>\n","protected":false},"excerpt":{"rendered":"<p>LES FESTES DE TURBALLOS Turballos celebra les seues festes Patronals en Honor a Sant Francesc de Paola, el cap de setmana del tercer diumenge de setembre. El Grup de Danses\u00a0Baladre de Muro participa en estes festes patronals cada tercer diumenge de setembre des del 17 de setembre de l\u2019any 2000, on el diumenge de festes despr\u00e9s de la missa i<\/p>\n","protected":false},"author":2,"featured_media":0,"comment_status":"closed","ping_status":"closed","sticky":false,"template":"","format":"standard","meta":{"footnotes":""},"categories":[11,21,20,32,1],"tags":[],"class_list":["post-3093","post","type-post","status-publish","format-standard","hentry","category-el-poble-de-muro","category-espectacle-tradicional","category-events-tradicionals-valencians","category-festes-tradicionals-i-patronals","category-grup-de-danses-baladre"],"psp_head":"<title>&quot;TURBALLOS CAU DE RABOSES&quot;: El Grup de Danses Baladre en les Festes de St. Francesc de P\u00e0ola de Turballos. \u2013 GRUP DE DANSES BALADRE<\/title>\r\n<meta name=\"description\" content=\"LES FESTES DE TURBALLOS Turballos celebra les seues festes Patronals en Honor a Sant Francesc de Paola, el cap de setmana del tercer diumenge de setembre. El Grup de Danses\u00a0Baladre de Muro participa en estes festes patronals cada tercer diumenge de setembre des del 17 de setembre de l\u2019any 2000, on el diumenge de festes despr\u00e9s de la missa i la process\u00f3 en honor al Sant, Baladre ens ofereix la seua habitual actuaci\u00f3-espectacle amb l\u2019estrena d\u2019un espectacle renovat cada any de balls, m\u00fasiques, tradicions i hist\u00f2ries de les nostres comarques valencianes, que delecten sempre al p\u00fablic que ve a veure\u2019ns habitualment en la Pla\u00e7a de l\u2019Esgl\u00e9sia del poble.\" \/>\r\n<meta name=\"robots\" content=\"index,follow\" \/>\r\n<link rel=\"canonical\" href=\"https:\/\/www.baladre.com\/index.php\/2024\/03\/27\/turballos-cau-de-raboses-el-grup-de-danses-baladre-a-les-festes-de-turballos\/\" \/>\r\n","_links":{"self":[{"href":"https:\/\/www.baladre.com\/index.php\/wp-json\/wp\/v2\/posts\/3093","targetHints":{"allow":["GET"]}}],"collection":[{"href":"https:\/\/www.baladre.com\/index.php\/wp-json\/wp\/v2\/posts"}],"about":[{"href":"https:\/\/www.baladre.com\/index.php\/wp-json\/wp\/v2\/types\/post"}],"author":[{"embeddable":true,"href":"https:\/\/www.baladre.com\/index.php\/wp-json\/wp\/v2\/users\/2"}],"replies":[{"embeddable":true,"href":"https:\/\/www.baladre.com\/index.php\/wp-json\/wp\/v2\/comments?post=3093"}],"version-history":[{"count":17,"href":"https:\/\/www.baladre.com\/index.php\/wp-json\/wp\/v2\/posts\/3093\/revisions"}],"predecessor-version":[{"id":3718,"href":"https:\/\/www.baladre.com\/index.php\/wp-json\/wp\/v2\/posts\/3093\/revisions\/3718"}],"wp:attachment":[{"href":"https:\/\/www.baladre.com\/index.php\/wp-json\/wp\/v2\/media?parent=3093"}],"wp:term":[{"taxonomy":"category","embeddable":true,"href":"https:\/\/www.baladre.com\/index.php\/wp-json\/wp\/v2\/categories?post=3093"},{"taxonomy":"post_tag","embeddable":true,"href":"https:\/\/www.baladre.com\/index.php\/wp-json\/wp\/v2\/tags?post=3093"}],"curies":[{"name":"wp","href":"https:\/\/api.w.org\/{rel}","templated":true}]}}