{"id":2233,"date":"2023-11-21T10:20:57","date_gmt":"2023-11-21T10:20:57","guid":{"rendered":"http:\/\/www.baladre.com\/?p=2233"},"modified":"2023-11-23T14:19:34","modified_gmt":"2023-11-23T14:19:34","slug":"la-rondalla-baladre-a-les-festes-de-denia-xxii-aplec-de-danses-convidats-pel-grup-dianium-el-10-07-2016","status":"publish","type":"post","link":"https:\/\/www.baladre.com\/index.php\/2023\/11\/21\/la-rondalla-baladre-a-les-festes-de-denia-xxii-aplec-de-danses-convidats-pel-grup-dianium-el-10-07-2016\/","title":{"rendered":"La Rondalla Baladre a les festes de D\u00e9nia (XXII Aplec de Danses), convidats pel grup Dianium el 10-07-2016."},"content":{"rendered":"<p style=\"text-align: justify;\"><span style=\"font-size: 12pt;\"><b><span style=\"font-family: helvetica, arial, sans-serif; color: #800000;\">La rondalla del grup Baladre de Muro a D\u00e9nia el diumenge 10 de juliol a les 20&#8217;30h convidats pel grup Dianium de D\u00e8nia a les seues festes patronals, en Honor de la Sant\u00edssima Sang que va del 9 al 17 de juliol.<\/span><br \/>\n<\/b><strong>La Rondalla Baladre<\/strong> participa en la Festa Major en Honor a la Sant\u00edssima Sang i al XXII Aplec de Danses de D\u00e8nia el diumenge <strong>10 de juliol a les 20,30 h<\/strong>. convidats per l\u2019ajuntament i el Grup de Danses Dianium de D\u00e8nia. Es far\u00e0 una <strong>cercavila a les 19:30h<\/strong> des de la glorieta del carrer Marqu\u00e9s de Campos fins a <strong>la Pla\u00e7a del Convent<\/strong> i al Carrer de la Via i una vegada all\u00ed es far\u00e0 l\u2019actuaci\u00f3 a les 20&#8217;30 h. <strong>la rondalla Baladre<\/strong>, ser\u00e0 l\u2019encarregada de tocar les can\u00e7ons que ballar\u00e0 el grup amfitri\u00f3 <strong>Dianium de D\u00e8nia<\/strong>, i el seu grup convidat: <strong>Ras i Pla de La Llosa de Ranes.<img loading=\"lazy\" decoding=\"async\" class=\"aligncenter size-full wp-image-2840\" src=\"http:\/\/www.baladre.com\/wp-content\/uploads\/2023\/11\/cartel-fiesta-mayor-denia-2016.jpg\" alt=\"\" width=\"731\" height=\"1024\" srcset=\"https:\/\/www.baladre.com\/wp-content\/uploads\/2023\/11\/cartel-fiesta-mayor-denia-2016.jpg 731w, https:\/\/www.baladre.com\/wp-content\/uploads\/2023\/11\/cartel-fiesta-mayor-denia-2016-214x300.jpg 214w\" sizes=\"auto, (max-width: 731px) 100vw, 731px\" \/><\/strong><\/span><\/p>\n<hr \/>\n","protected":false},"excerpt":{"rendered":"<p>La rondalla del grup Baladre de Muro a D\u00e9nia el diumenge 10 de juliol a les 20&#8217;30h convidats pel grup Dianium de D\u00e8nia a les seues festes patronals, en Honor de la Sant\u00edssima Sang que va del 9 al 17 de juliol. La Rondalla Baladre participa en la Festa Major en Honor a la Sant\u00edssima Sang i al XXII Aplec<\/p>\n","protected":false},"author":2,"featured_media":0,"comment_status":"closed","ping_status":"closed","sticky":false,"template":"","format":"standard","meta":{"footnotes":""},"categories":[20,32,1,18,9],"tags":[],"class_list":["post-2233","post","type-post","status-publish","format-standard","hentry","category-events-tradicionals-valencians","category-festes-tradicionals-i-patronals","category-grup-de-danses-baladre","category-musica-tradicional-i-tradicional-valenciana","category-rondalla-baladre"],"psp_head":"<title>La Rondalla Baladre a les festes de D\u00e9nia (XXII Aplec de Danses), convidats pel grup Dianium el 10-07-2016. \u2013 GRUP DE DANSES BALADRE<\/title>\r\n<meta name=\"description\" content=\"La rondalla del grup Baladre de Muro a D\u00e9nia el diumenge 10 de juliol a les 20&#039;30h convidats pel grup Dianium de D\u00e8nia a les seues festes patronals, en Honor de la Sant\u00edssima Sang que va del 9 al 17 de juliol.\" \/>\r\n<meta name=\"robots\" content=\"index,follow\" \/>\r\n<link rel=\"canonical\" href=\"https:\/\/www.baladre.com\/index.php\/2023\/11\/21\/la-rondalla-baladre-a-les-festes-de-denia-xxii-aplec-de-danses-convidats-pel-grup-dianium-el-10-07-2016\/\" \/>\r\n","_links":{"self":[{"href":"https:\/\/www.baladre.com\/index.php\/wp-json\/wp\/v2\/posts\/2233","targetHints":{"allow":["GET"]}}],"collection":[{"href":"https:\/\/www.baladre.com\/index.php\/wp-json\/wp\/v2\/posts"}],"about":[{"href":"https:\/\/www.baladre.com\/index.php\/wp-json\/wp\/v2\/types\/post"}],"author":[{"embeddable":true,"href":"https:\/\/www.baladre.com\/index.php\/wp-json\/wp\/v2\/users\/2"}],"replies":[{"embeddable":true,"href":"https:\/\/www.baladre.com\/index.php\/wp-json\/wp\/v2\/comments?post=2233"}],"version-history":[{"count":2,"href":"https:\/\/www.baladre.com\/index.php\/wp-json\/wp\/v2\/posts\/2233\/revisions"}],"predecessor-version":[{"id":2841,"href":"https:\/\/www.baladre.com\/index.php\/wp-json\/wp\/v2\/posts\/2233\/revisions\/2841"}],"wp:attachment":[{"href":"https:\/\/www.baladre.com\/index.php\/wp-json\/wp\/v2\/media?parent=2233"}],"wp:term":[{"taxonomy":"category","embeddable":true,"href":"https:\/\/www.baladre.com\/index.php\/wp-json\/wp\/v2\/categories?post=2233"},{"taxonomy":"post_tag","embeddable":true,"href":"https:\/\/www.baladre.com\/index.php\/wp-json\/wp\/v2\/tags?post=2233"}],"curies":[{"name":"wp","href":"https:\/\/api.w.org\/{rel}","templated":true}]}}